{"id":1657,"date":"2019-09-05T06:50:04","date_gmt":"2019-09-05T06:50:04","guid":{"rendered":"https:\/\/www.residence-stine.com\/september-zum-erinnern\/"},"modified":"2019-09-05T06:50:05","modified_gmt":"2019-09-05T06:50:05","slug":"september-zum-erinnern","status":"publish","type":"post","link":"https:\/\/www.residence-stine.com\/de\/september-zum-erinnern\/","title":{"rendered":"September zum Erinnern"},"content":{"rendered":"\n<p>Split ist eine lebhafte Stadt und mit dem Herbst gleich um die Ecke werden wir mit j\u00e4hrlichen Veranstaltungen fortfahren, die f\u00fcr jeden Geschmack etwas bieten. W\u00f6rtlich und im \u00fcbertragenen Sinne<\/p>\n\n<p><strong><em>Dalmatinska \u0161torija<\/em><\/strong><\/p>\n\n<p>September 27, 2019  &#8211; Riva<\/p>\n\n<p>Jede Kreation hat eine andere Geschichte zu erz\u00e4hlen. Besuchen Sie die Dalmatinische Geschichte Teil 22. (Dalmatinska \u0160torija\r\nfair) und erleben Sie aus erster Hand eine Vielzahl von s\u00fc\u00dfen und herzhaften Produkten aus Dalmatiens Hinterland und K\u00fcstengebiet.<\/p>\n\n<p>Wein,\r\nSchnaps, Schinken, K\u00e4se, Oliven\u00f6l, Soparnik &#8230; jedes Gericht bringt eine\r\nTeil der Geschichte zum Leben, Erbe, das gepflegt und fortgesetzt werden muss.\r\nUnterst\u00fctzen Sie lokales Wachstum und Produktion. Kommen Sie, probieren und erz\u00e4hlen Sie die Geschichte.<\/p>\n\n<p>24.\r\nSplit Film Festival-Internationales Festival des neuen Films<\/p>\n\n<p>September 8 \u2013 25, 2019 &#8211; Kinoteka Zlatna vrata<\/p>\n\n<p>Das\r\nInternationales Festival des neuen Films \/ Split Film Festival ist das \u00e4lteste\r\nInternationale Film- \/ Medienmanifestation der Republik Kroatien. Es begann\r\n1996 und seitdem f\u00f6rdert neue, kreative, pers\u00f6nliche, experimentelle, radikale\r\nund subversive Werke aller L\u00e4ngen, Stile und Genres, die im Allgemeinen produziert werden\r\nau\u00dferhalb des Mainstreams.<\/p>\n\n<p>Erleben Sie kreative Neue Filme in einzigartiger Kulisse. Das Kino \u201eGolden Gate\u201c war fr\u00fcher ein Romanischer Palast, dessen Renovierung 1958 begann. Der erste Film wurde 30. November 1964 gezeigt.<\/p>\n\n<p>In 2012, wurde Kinoteka Zlatna Vrata in Europa Cinemas aufgenommen, dem ersten Netzwerk von Kinos mit Schwerpunkt auf europ\u00e4ischen Filmen.<\/p>\n\n<p>Erleben Sie ein Festival der anderen Art im Diokletianpalast. Neuer Film, \u201ealte\u201c Einstellung.<\/p>\n\n<figure class=\"wp-block-embed-wordpress wp-block-embed is-type-wp-embed is-provider-split-film-festival-mfnf\"><div class=\"wp-block-embed__wrapper\">\nhttp:\/\/www.splitfilmfestival.hr\/festival\/\n<\/div><\/figure>","protected":false},"excerpt":{"rendered":"<p>Split ist eine lebhafte Stadt und mit dem Herbst gleich um die Ecke werden wir mit j\u00e4hrlichen Veranstaltungen fortfahren, die f\u00fcr jeden Geschmack etwas bieten. W\u00f6rtlich und im \u00fcbertragenen Sinne Dalmatinska \u0161torija September 27, 2019 &#8211; Riva Jede Kreation hat eine andere Geschichte zu erz\u00e4hlen. Besuchen Sie die Dalmatinische Geschichte Teil 22. (Dalmatinska \u0160torija fair) [&hellip;]<\/p>\n","protected":false},"author":3,"featured_media":1651,"comment_status":"open","ping_status":"open","sticky":false,"template":"","format":"standard","meta":{"site-sidebar-layout":"default","site-content-layout":"default","ast-site-content-layout":"default","site-content-style":"default","site-sidebar-style":"default","ast-global-header-display":"","ast-banner-title-visibility":"","ast-main-header-display":"","ast-hfb-above-header-display":"","ast-hfb-below-header-display":"","ast-hfb-mobile-header-display":"","site-post-title":"","ast-breadcrumbs-content":"","ast-featured-img":"","footer-sml-layout":"","ast-disable-related-posts":"","theme-transparent-header-meta":"default","adv-header-id-meta":"","stick-header-meta":"default","header-above-stick-meta":"","header-main-stick-meta":"","header-below-stick-meta":"","astra-migrate-meta-layouts":"default","ast-page-background-enabled":"default","ast-page-background-meta":{"desktop":{"background-color":"","background-image":"","background-repeat":"repeat","background-position":"center center","background-size":"auto","background-attachment":"scroll","background-type":"","background-media":"","overlay-type":"","overlay-color":"","overlay-opacity":"","overlay-gradient":""},"tablet":{"background-color":"","background-image":"","background-repeat":"repeat","background-position":"center center","background-size":"auto","background-attachment":"scroll","background-type":"","background-media":"","overlay-type":"","overlay-color":"","overlay-opacity":"","overlay-gradient":""},"mobile":{"background-color":"","background-image":"","background-repeat":"repeat","background-position":"center center","background-size":"auto","background-attachment":"scroll","background-type":"","background-media":"","overlay-type":"","overlay-color":"","overlay-opacity":"","overlay-gradient":""}},"ast-content-background-meta":{"desktop":{"background-color":"var(--ast-global-color-5)","background-image":"","background-repeat":"repeat","background-position":"center center","background-size":"auto","background-attachment":"scroll","background-type":"","background-media":"","overlay-type":"","overlay-color":"","overlay-opacity":"","overlay-gradient":""},"tablet":{"background-color":"var(--ast-global-color-5)","background-image":"","background-repeat":"repeat","background-position":"center center","background-size":"auto","background-attachment":"scroll","background-type":"","background-media":"","overlay-type":"","overlay-color":"","overlay-opacity":"","overlay-gradient":""},"mobile":{"background-color":"var(--ast-global-color-5)","background-image":"","background-repeat":"repeat","background-position":"center center","background-size":"auto","background-attachment":"scroll","background-type":"","background-media":"","overlay-type":"","overlay-color":"","overlay-opacity":"","overlay-gradient":""}},"footnotes":""},"categories":[24],"tags":[],"class_list":["post-1657","post","type-post","status-publish","format-standard","has-post-thumbnail","hentry","category-blog-de"],"yoast_head":"<!-- This site is optimized with the Yoast SEO plugin v27.5 - https:\/\/yoast.com\/product\/yoast-seo-wordpress\/ -->\n<title>September zum Erinnern - Residence Stine Split Hrvatska<\/title>\n<meta name=\"robots\" content=\"index, follow, max-snippet:-1, max-image-preview:large, max-video-preview:-1\" \/>\n<link rel=\"canonical\" href=\"https:\/\/www.residence-stine.com\/de\/september-zum-erinnern\/\" \/>\n<meta property=\"og:locale\" content=\"de_DE\" \/>\n<meta property=\"og:type\" content=\"article\" \/>\n<meta property=\"og:title\" content=\"September zum Erinnern - Residence Stine Split Hrvatska\" \/>\n<meta property=\"og:description\" content=\"Split ist eine lebhafte Stadt und mit dem Herbst gleich um die Ecke werden wir mit j\u00e4hrlichen Veranstaltungen fortfahren, die f\u00fcr jeden Geschmack etwas bieten. W\u00f6rtlich und im \u00fcbertragenen Sinne Dalmatinska \u0161torija September 27, 2019 &#8211; Riva Jede Kreation hat eine andere Geschichte zu erz\u00e4hlen. Besuchen Sie die Dalmatinische Geschichte Teil 22. (Dalmatinska \u0160torija fair) [&hellip;]\" \/>\n<meta property=\"og:url\" content=\"https:\/\/www.residence-stine.com\/de\/september-zum-erinnern\/\" \/>\n<meta property=\"og:site_name\" content=\"Residence Stine Split Hrvatska\" \/>\n<meta property=\"article:publisher\" content=\"https:\/\/web.facebook.com\/residencestine\/\" \/>\n<meta property=\"article:published_time\" content=\"2019-09-05T06:50:04+00:00\" \/>\n<meta property=\"article:modified_time\" content=\"2019-09-05T06:50:05+00:00\" \/>\n<meta property=\"og:image\" content=\"https:\/\/www.residence-stine.com\/wp-content\/uploads\/2019\/09\/st-1.jpg\" \/>\n\t<meta property=\"og:image:width\" content=\"989\" \/>\n\t<meta property=\"og:image:height\" content=\"536\" \/>\n\t<meta property=\"og:image:type\" content=\"image\/jpeg\" \/>\n<meta name=\"author\" content=\"davina\" \/>\n<meta name=\"twitter:card\" content=\"summary_large_image\" \/>\n<meta name=\"twitter:label1\" content=\"Verfasst von\" \/>\n\t<meta name=\"twitter:data1\" content=\"davina\" \/>\n\t<meta name=\"twitter:label2\" content=\"Gesch\u00e4tzte Lesezeit\" \/>\n\t<meta name=\"twitter:data2\" content=\"1\u00a0Minute\" \/>\n<script type=\"application\/ld+json\" class=\"yoast-schema-graph\">{\"@context\":\"https:\\\/\\\/schema.org\",\"@graph\":[{\"@type\":\"Article\",\"@id\":\"https:\\\/\\\/www.residence-stine.com\\\/de\\\/september-zum-erinnern\\\/#article\",\"isPartOf\":{\"@id\":\"https:\\\/\\\/www.residence-stine.com\\\/de\\\/september-zum-erinnern\\\/\"},\"author\":{\"name\":\"davina\",\"@id\":\"https:\\\/\\\/www.residence-stine.com\\\/de\\\/#\\\/schema\\\/person\\\/2c169a29a74eaa6c87e67e2e14811e4b\"},\"headline\":\"September zum Erinnern\",\"datePublished\":\"2019-09-05T06:50:04+00:00\",\"dateModified\":\"2019-09-05T06:50:05+00:00\",\"mainEntityOfPage\":{\"@id\":\"https:\\\/\\\/www.residence-stine.com\\\/de\\\/september-zum-erinnern\\\/\"},\"wordCount\":244,\"commentCount\":0,\"publisher\":{\"@id\":\"https:\\\/\\\/www.residence-stine.com\\\/de\\\/#organization\"},\"image\":{\"@id\":\"https:\\\/\\\/www.residence-stine.com\\\/de\\\/september-zum-erinnern\\\/#primaryimage\"},\"thumbnailUrl\":\"https:\\\/\\\/www.residence-stine.com\\\/wp-content\\\/uploads\\\/2019\\\/09\\\/st-1.jpg\",\"articleSection\":[\"blog\"],\"inLanguage\":\"de\"},{\"@type\":\"WebPage\",\"@id\":\"https:\\\/\\\/www.residence-stine.com\\\/de\\\/september-zum-erinnern\\\/\",\"url\":\"https:\\\/\\\/www.residence-stine.com\\\/de\\\/september-zum-erinnern\\\/\",\"name\":\"September zum Erinnern - Residence Stine Split Hrvatska\",\"isPartOf\":{\"@id\":\"https:\\\/\\\/www.residence-stine.com\\\/de\\\/#website\"},\"primaryImageOfPage\":{\"@id\":\"https:\\\/\\\/www.residence-stine.com\\\/de\\\/september-zum-erinnern\\\/#primaryimage\"},\"image\":{\"@id\":\"https:\\\/\\\/www.residence-stine.com\\\/de\\\/september-zum-erinnern\\\/#primaryimage\"},\"thumbnailUrl\":\"https:\\\/\\\/www.residence-stine.com\\\/wp-content\\\/uploads\\\/2019\\\/09\\\/st-1.jpg\",\"datePublished\":\"2019-09-05T06:50:04+00:00\",\"dateModified\":\"2019-09-05T06:50:05+00:00\",\"breadcrumb\":{\"@id\":\"https:\\\/\\\/www.residence-stine.com\\\/de\\\/september-zum-erinnern\\\/#breadcrumb\"},\"inLanguage\":\"de\",\"potentialAction\":[{\"@type\":\"ReadAction\",\"target\":[\"https:\\\/\\\/www.residence-stine.com\\\/de\\\/september-zum-erinnern\\\/\"]}]},{\"@type\":\"ImageObject\",\"inLanguage\":\"de\",\"@id\":\"https:\\\/\\\/www.residence-stine.com\\\/de\\\/september-zum-erinnern\\\/#primaryimage\",\"url\":\"https:\\\/\\\/www.residence-stine.com\\\/wp-content\\\/uploads\\\/2019\\\/09\\\/st-1.jpg\",\"contentUrl\":\"https:\\\/\\\/www.residence-stine.com\\\/wp-content\\\/uploads\\\/2019\\\/09\\\/st-1.jpg\",\"width\":989,\"height\":536},{\"@type\":\"BreadcrumbList\",\"@id\":\"https:\\\/\\\/www.residence-stine.com\\\/de\\\/september-zum-erinnern\\\/#breadcrumb\",\"itemListElement\":[{\"@type\":\"ListItem\",\"position\":1,\"name\":\"Po\u010detna stranica\",\"item\":\"https:\\\/\\\/www.residence-stine.com\\\/de\\\/\"},{\"@type\":\"ListItem\",\"position\":2,\"name\":\"September zum Erinnern\"}]},{\"@type\":\"WebSite\",\"@id\":\"https:\\\/\\\/www.residence-stine.com\\\/de\\\/#website\",\"url\":\"https:\\\/\\\/www.residence-stine.com\\\/de\\\/\",\"name\":\"Residence Stine Split Hrvatska\",\"description\":\"Residence Stine, luksuzne sobe s doru\u010dkom u centru Splita. Wi-Fi u cijelom objektu. Sve sobe su klimatizirane, sa sefom u sobi, mini barom, LCD SAT-TV, dobro opremljenim kupaonicama i potrebnim sadr\u017eajima.\",\"publisher\":{\"@id\":\"https:\\\/\\\/www.residence-stine.com\\\/de\\\/#organization\"},\"potentialAction\":[{\"@type\":\"SearchAction\",\"target\":{\"@type\":\"EntryPoint\",\"urlTemplate\":\"https:\\\/\\\/www.residence-stine.com\\\/de\\\/?s={search_term_string}\"},\"query-input\":{\"@type\":\"PropertyValueSpecification\",\"valueRequired\":true,\"valueName\":\"search_term_string\"}}],\"inLanguage\":\"de\"},{\"@type\":\"Organization\",\"@id\":\"https:\\\/\\\/www.residence-stine.com\\\/de\\\/#organization\",\"name\":\"Residence Stine\",\"url\":\"https:\\\/\\\/www.residence-stine.com\\\/de\\\/\",\"logo\":{\"@type\":\"ImageObject\",\"inLanguage\":\"de\",\"@id\":\"https:\\\/\\\/www.residence-stine.com\\\/de\\\/#\\\/schema\\\/logo\\\/image\\\/\",\"url\":\"https:\\\/\\\/www.residence-stine.com\\\/wp-content\\\/uploads\\\/2019\\\/05\\\/logo-residence-stine-horiz-.png\",\"contentUrl\":\"https:\\\/\\\/www.residence-stine.com\\\/wp-content\\\/uploads\\\/2019\\\/05\\\/logo-residence-stine-horiz-.png\",\"width\":360,\"height\":119,\"caption\":\"Residence Stine\"},\"image\":{\"@id\":\"https:\\\/\\\/www.residence-stine.com\\\/de\\\/#\\\/schema\\\/logo\\\/image\\\/\"},\"sameAs\":[\"https:\\\/\\\/web.facebook.com\\\/residencestine\\\/\",\"http:\\\/\\\/instagram.com\\\/residencestine\\\/\",\"https:\\\/\\\/www.linkedin.com\\\/company\\\/residence-stine\",\"https:\\\/\\\/www.youtube.com\\\/channel\\\/UCkJBmyfIbtzb8p5SsOklzew\"]},{\"@type\":\"Person\",\"@id\":\"https:\\\/\\\/www.residence-stine.com\\\/de\\\/#\\\/schema\\\/person\\\/2c169a29a74eaa6c87e67e2e14811e4b\",\"name\":\"davina\",\"image\":{\"@type\":\"ImageObject\",\"inLanguage\":\"de\",\"@id\":\"https:\\\/\\\/secure.gravatar.com\\\/avatar\\\/d0d9c5711c08cffa4c70225da58359712c5ad386fb170207ebc28904c5bb8374?s=96&d=mm&r=g\",\"url\":\"https:\\\/\\\/secure.gravatar.com\\\/avatar\\\/d0d9c5711c08cffa4c70225da58359712c5ad386fb170207ebc28904c5bb8374?s=96&d=mm&r=g\",\"contentUrl\":\"https:\\\/\\\/secure.gravatar.com\\\/avatar\\\/d0d9c5711c08cffa4c70225da58359712c5ad386fb170207ebc28904c5bb8374?s=96&d=mm&r=g\",\"caption\":\"davina\"},\"url\":\"https:\\\/\\\/www.residence-stine.com\\\/de\\\/author\\\/davina\\\/\"}]}<\/script>\n<!-- \/ Yoast SEO plugin. -->","yoast_head_json":{"title":"September zum Erinnern - Residence Stine Split Hrvatska","robots":{"index":"index","follow":"follow","max-snippet":"max-snippet:-1","max-image-preview":"max-image-preview:large","max-video-preview":"max-video-preview:-1"},"canonical":"https:\/\/www.residence-stine.com\/de\/september-zum-erinnern\/","og_locale":"de_DE","og_type":"article","og_title":"September zum Erinnern - Residence Stine Split Hrvatska","og_description":"Split ist eine lebhafte Stadt und mit dem Herbst gleich um die Ecke werden wir mit j\u00e4hrlichen Veranstaltungen fortfahren, die f\u00fcr jeden Geschmack etwas bieten. W\u00f6rtlich und im \u00fcbertragenen Sinne Dalmatinska \u0161torija September 27, 2019 &#8211; Riva Jede Kreation hat eine andere Geschichte zu erz\u00e4hlen. Besuchen Sie die Dalmatinische Geschichte Teil 22. (Dalmatinska \u0160torija fair) [&hellip;]","og_url":"https:\/\/www.residence-stine.com\/de\/september-zum-erinnern\/","og_site_name":"Residence Stine Split Hrvatska","article_publisher":"https:\/\/web.facebook.com\/residencestine\/","article_published_time":"2019-09-05T06:50:04+00:00","article_modified_time":"2019-09-05T06:50:05+00:00","og_image":[{"width":989,"height":536,"url":"https:\/\/www.residence-stine.com\/wp-content\/uploads\/2019\/09\/st-1.jpg","type":"image\/jpeg"}],"author":"davina","twitter_card":"summary_large_image","twitter_misc":{"Verfasst von":"davina","Gesch\u00e4tzte Lesezeit":"1\u00a0Minute"},"schema":{"@context":"https:\/\/schema.org","@graph":[{"@type":"Article","@id":"https:\/\/www.residence-stine.com\/de\/september-zum-erinnern\/#article","isPartOf":{"@id":"https:\/\/www.residence-stine.com\/de\/september-zum-erinnern\/"},"author":{"name":"davina","@id":"https:\/\/www.residence-stine.com\/de\/#\/schema\/person\/2c169a29a74eaa6c87e67e2e14811e4b"},"headline":"September zum Erinnern","datePublished":"2019-09-05T06:50:04+00:00","dateModified":"2019-09-05T06:50:05+00:00","mainEntityOfPage":{"@id":"https:\/\/www.residence-stine.com\/de\/september-zum-erinnern\/"},"wordCount":244,"commentCount":0,"publisher":{"@id":"https:\/\/www.residence-stine.com\/de\/#organization"},"image":{"@id":"https:\/\/www.residence-stine.com\/de\/september-zum-erinnern\/#primaryimage"},"thumbnailUrl":"https:\/\/www.residence-stine.com\/wp-content\/uploads\/2019\/09\/st-1.jpg","articleSection":["blog"],"inLanguage":"de"},{"@type":"WebPage","@id":"https:\/\/www.residence-stine.com\/de\/september-zum-erinnern\/","url":"https:\/\/www.residence-stine.com\/de\/september-zum-erinnern\/","name":"September zum Erinnern - Residence Stine Split Hrvatska","isPartOf":{"@id":"https:\/\/www.residence-stine.com\/de\/#website"},"primaryImageOfPage":{"@id":"https:\/\/www.residence-stine.com\/de\/september-zum-erinnern\/#primaryimage"},"image":{"@id":"https:\/\/www.residence-stine.com\/de\/september-zum-erinnern\/#primaryimage"},"thumbnailUrl":"https:\/\/www.residence-stine.com\/wp-content\/uploads\/2019\/09\/st-1.jpg","datePublished":"2019-09-05T06:50:04+00:00","dateModified":"2019-09-05T06:50:05+00:00","breadcrumb":{"@id":"https:\/\/www.residence-stine.com\/de\/september-zum-erinnern\/#breadcrumb"},"inLanguage":"de","potentialAction":[{"@type":"ReadAction","target":["https:\/\/www.residence-stine.com\/de\/september-zum-erinnern\/"]}]},{"@type":"ImageObject","inLanguage":"de","@id":"https:\/\/www.residence-stine.com\/de\/september-zum-erinnern\/#primaryimage","url":"https:\/\/www.residence-stine.com\/wp-content\/uploads\/2019\/09\/st-1.jpg","contentUrl":"https:\/\/www.residence-stine.com\/wp-content\/uploads\/2019\/09\/st-1.jpg","width":989,"height":536},{"@type":"BreadcrumbList","@id":"https:\/\/www.residence-stine.com\/de\/september-zum-erinnern\/#breadcrumb","itemListElement":[{"@type":"ListItem","position":1,"name":"Po\u010detna stranica","item":"https:\/\/www.residence-stine.com\/de\/"},{"@type":"ListItem","position":2,"name":"September zum Erinnern"}]},{"@type":"WebSite","@id":"https:\/\/www.residence-stine.com\/de\/#website","url":"https:\/\/www.residence-stine.com\/de\/","name":"Residence Stine Split Hrvatska","description":"Residence Stine, luksuzne sobe s doru\u010dkom u centru Splita. Wi-Fi u cijelom objektu. Sve sobe su klimatizirane, sa sefom u sobi, mini barom, LCD SAT-TV, dobro opremljenim kupaonicama i potrebnim sadr\u017eajima.","publisher":{"@id":"https:\/\/www.residence-stine.com\/de\/#organization"},"potentialAction":[{"@type":"SearchAction","target":{"@type":"EntryPoint","urlTemplate":"https:\/\/www.residence-stine.com\/de\/?s={search_term_string}"},"query-input":{"@type":"PropertyValueSpecification","valueRequired":true,"valueName":"search_term_string"}}],"inLanguage":"de"},{"@type":"Organization","@id":"https:\/\/www.residence-stine.com\/de\/#organization","name":"Residence Stine","url":"https:\/\/www.residence-stine.com\/de\/","logo":{"@type":"ImageObject","inLanguage":"de","@id":"https:\/\/www.residence-stine.com\/de\/#\/schema\/logo\/image\/","url":"https:\/\/www.residence-stine.com\/wp-content\/uploads\/2019\/05\/logo-residence-stine-horiz-.png","contentUrl":"https:\/\/www.residence-stine.com\/wp-content\/uploads\/2019\/05\/logo-residence-stine-horiz-.png","width":360,"height":119,"caption":"Residence Stine"},"image":{"@id":"https:\/\/www.residence-stine.com\/de\/#\/schema\/logo\/image\/"},"sameAs":["https:\/\/web.facebook.com\/residencestine\/","http:\/\/instagram.com\/residencestine\/","https:\/\/www.linkedin.com\/company\/residence-stine","https:\/\/www.youtube.com\/channel\/UCkJBmyfIbtzb8p5SsOklzew"]},{"@type":"Person","@id":"https:\/\/www.residence-stine.com\/de\/#\/schema\/person\/2c169a29a74eaa6c87e67e2e14811e4b","name":"davina","image":{"@type":"ImageObject","inLanguage":"de","@id":"https:\/\/secure.gravatar.com\/avatar\/d0d9c5711c08cffa4c70225da58359712c5ad386fb170207ebc28904c5bb8374?s=96&d=mm&r=g","url":"https:\/\/secure.gravatar.com\/avatar\/d0d9c5711c08cffa4c70225da58359712c5ad386fb170207ebc28904c5bb8374?s=96&d=mm&r=g","contentUrl":"https:\/\/secure.gravatar.com\/avatar\/d0d9c5711c08cffa4c70225da58359712c5ad386fb170207ebc28904c5bb8374?s=96&d=mm&r=g","caption":"davina"},"url":"https:\/\/www.residence-stine.com\/de\/author\/davina\/"}]}},"_links":{"self":[{"href":"https:\/\/www.residence-stine.com\/de\/wp-json\/wp\/v2\/posts\/1657","targetHints":{"allow":["GET"]}}],"collection":[{"href":"https:\/\/www.residence-stine.com\/de\/wp-json\/wp\/v2\/posts"}],"about":[{"href":"https:\/\/www.residence-stine.com\/de\/wp-json\/wp\/v2\/types\/post"}],"author":[{"embeddable":true,"href":"https:\/\/www.residence-stine.com\/de\/wp-json\/wp\/v2\/users\/3"}],"replies":[{"embeddable":true,"href":"https:\/\/www.residence-stine.com\/de\/wp-json\/wp\/v2\/comments?post=1657"}],"version-history":[{"count":1,"href":"https:\/\/www.residence-stine.com\/de\/wp-json\/wp\/v2\/posts\/1657\/revisions"}],"predecessor-version":[{"id":1658,"href":"https:\/\/www.residence-stine.com\/de\/wp-json\/wp\/v2\/posts\/1657\/revisions\/1658"}],"wp:featuredmedia":[{"embeddable":true,"href":"https:\/\/www.residence-stine.com\/de\/wp-json\/wp\/v2\/media\/1651"}],"wp:attachment":[{"href":"https:\/\/www.residence-stine.com\/de\/wp-json\/wp\/v2\/media?parent=1657"}],"wp:term":[{"taxonomy":"category","embeddable":true,"href":"https:\/\/www.residence-stine.com\/de\/wp-json\/wp\/v2\/categories?post=1657"},{"taxonomy":"post_tag","embeddable":true,"href":"https:\/\/www.residence-stine.com\/de\/wp-json\/wp\/v2\/tags?post=1657"}],"curies":[{"name":"wp","href":"https:\/\/api.w.org\/{rel}","templated":true}]}}